[{"@context":"https:\/\/schema.org\/","@type":"Article","@id":"https:\/\/www.zuul.cz\/u-nas-najdete-barevne-i-elegantni-linky\/#Article","mainEntityOfPage":"https:\/\/www.zuul.cz\/u-nas-najdete-barevne-i-elegantni-linky\/","headline":"U n\u00e1s najdete barevn\u00e9 i elegantn\u00ed linky","name":"U n\u00e1s najdete barevn\u00e9 i elegantn\u00ed linky","description":"Dne\u0161n\u00ed doba vy\u017eaduje kvalitu, modern\u00ed vzhled a z\u00e1rove\u0148 prakti\u010dnost a dobrou \u00fadr\u017ebu kuchy\u0148sk\u00e9 linky. Na trhu je spoustu firem co nab\u00edz\u00ed levn\u00e9 kuchy\u0148sk\u00e9 linky. Ale ot\u00e1zkou je, zda jsou tak\u00e9 kvalitn\u00ed. Na\u0161e kuchyn\u011b spl\u0148uj\u00ed ve\u0161ker\u00e9 stanoven\u00e9 normy, nab\u00edz\u00ed velk\u00fd \u00falo\u017en\u00fd prostor a snadnou \u00fadr\u017ebu, d\u00edky kvalitn\u00ed povrchov\u00e9 \u00faprav\u011b desek. Va\u0161i kuchy\u0148 m\u00e1te mo\u017enost sestavit z [&hellip;]","datePublished":"2025-03-12","dateModified":"2025-03-12","author":{"@type":"Person","@id":"https:\/\/www.zuul.cz\/author\/devene\/#Person","name":"devene","url":"https:\/\/www.zuul.cz\/author\/devene\/","identifier":1,"image":{"@type":"ImageObject","@id":"https:\/\/secure.gravatar.com\/avatar\/dcb1aeb5e7d95014cdc92e76cf3c72f6b456579bf773ad0081803a6569ffc19c?s=96&d=mm&r=g","url":"https:\/\/secure.gravatar.com\/avatar\/dcb1aeb5e7d95014cdc92e76cf3c72f6b456579bf773ad0081803a6569ffc19c?s=96&d=mm&r=g","height":96,"width":96}},"publisher":{"@type":"Organization","name":"zuul.cz","logo":{"@type":"ImageObject","@id":"\/logo.png","url":"\/logo.png","width":600,"height":60}},"url":"https:\/\/www.zuul.cz\/u-nas-najdete-barevne-i-elegantni-linky\/","wordCount":161,"articleBody":"Dne\u0161n\u00ed doba vy\u017eaduje kvalitu, modern\u00ed vzhled a z\u00e1rove\u0148 prakti\u010dnost a dobrou \u00fadr\u017ebu kuchy\u0148sk\u00e9 linky. Na trhu je spoustu firem co nab\u00edz\u00ed levn\u00e9 kuchy\u0148sk\u00e9 linky. Ale ot\u00e1zkou je, zda jsou tak\u00e9 kvalitn\u00ed. Na\u0161e kuchyn\u011b spl\u0148uj\u00ed ve\u0161ker\u00e9 stanoven\u00e9 normy, nab\u00edz\u00ed velk\u00fd \u00falo\u017en\u00fd prostor a snadnou \u00fadr\u017ebu, d\u00edky kvalitn\u00ed povrchov\u00e9 \u00faprav\u011b desek. Va\u0161i kuchy\u0148 m\u00e1te mo\u017enost sestavit z jednotliv\u00fdch kus\u016f, jak se v\u00e1m l\u00edb\u00ed, jak se hod\u00ed do prostoru ve kter\u00e9m ji chcete ustavit, zkombinovat barevn\u00e9 proveden\u00ed, \u010di zakoupit ji\u017e cel\u00e9 sestavy. Lesk, \u010di mat, pro minimalistick\u00e9 interi\u00e9ry, sv\u011btl\u00e9 \u010di naopak tmav\u00e9 prostory. Z\u00e1le\u017e\u00ed na Va\u0161i fantazii. Va\u0161e p\u0159edstavy a sny jsou splniteln\u00e9 D\u00edky po\u0159\u00edzen\u00ed kuchy\u0148sk\u00e9 linky u n\u00e1s, bude pro V\u00e1s \u010das v kuchyni p\u0159\u00edjemn\u00fdm a p\u0159\u00edprava pokrm\u016f V\u00e1s za\u010dn\u011b t\u011b\u0161it.                                                                                                                                                                                                                                                                                                                                                                                        4\/5 - (1 vote)        "},{"@context":"https:\/\/schema.org\/","@type":"BreadcrumbList","itemListElement":[{"@type":"ListItem","position":1,"name":"U n\u00e1s najdete barevn\u00e9 i elegantn\u00ed linky","item":"https:\/\/www.zuul.cz\/u-nas-najdete-barevne-i-elegantni-linky\/#breadcrumbitem"}]}]