[{"@context":"https:\/\/schema.org\/","@type":"Article","@id":"https:\/\/www.zuul.cz\/primark-se-chysta-do-ceska\/#Article","mainEntityOfPage":"https:\/\/www.zuul.cz\/primark-se-chysta-do-ceska\/","headline":"Primark se chyst\u00e1 do \u010ceska","name":"Primark se chyst\u00e1 do \u010ceska","description":"N\u00e1kupn\u00ed mania\u010dky mohou pomalu, ale jist\u011b zapnout svoje radary. Zn\u00e1m\u00fd obchodn\u00ed \u0159et\u011bzec s\u00a0levn\u00fdm m\u00f3dn\u00edm oble\u010den\u00edm m\u00ed\u0159\u00ed do \u010cesk\u00e9 republiky. Ano! Primark otev\u0159e sv\u016fj prvn\u00ed obchod v\u00a0Praze, a to snad u\u017e v\u00a0l\u00e9t\u011b 2020. Zna\u010dka zam\u00ed\u0159\u00ed p\u0159\u00edmo do centra hlavn\u00edho m\u011bsta, a to do nov\u011b stav\u011bn\u00e9ho objektu na roku V\u00e1clavsk\u00e9ho n\u00e1m\u011bst\u00ed a Opletalovy ulice. Primark je velice [&hellip;]","datePublished":"2019-11-26","dateModified":"2019-11-26","author":{"@type":"Person","@id":"https:\/\/www.zuul.cz\/author\/devene\/#Person","name":"devene","url":"https:\/\/www.zuul.cz\/author\/devene\/","identifier":1,"image":{"@type":"ImageObject","@id":"https:\/\/secure.gravatar.com\/avatar\/dcb1aeb5e7d95014cdc92e76cf3c72f6b456579bf773ad0081803a6569ffc19c?s=96&d=mm&r=g","url":"https:\/\/secure.gravatar.com\/avatar\/dcb1aeb5e7d95014cdc92e76cf3c72f6b456579bf773ad0081803a6569ffc19c?s=96&d=mm&r=g","height":96,"width":96}},"publisher":{"@type":"Organization","name":"zuul.cz","logo":{"@type":"ImageObject","@id":"\/logo.png","url":"\/logo.png","width":600,"height":60}},"image":{"@type":"ImageObject","@id":"https:\/\/www.zuul.cz\/wp-content\/uploads\/img_a362217_w4292_t1575263296.jpg","url":"https:\/\/www.zuul.cz\/wp-content\/uploads\/img_a362217_w4292_t1575263296.jpg","height":0,"width":0},"url":"https:\/\/www.zuul.cz\/primark-se-chysta-do-ceska\/","about":["Firmy"],"wordCount":436,"articleBody":"\tN\u00e1kupn\u00ed mania\u010dky mohou pomalu, ale jist\u011b zapnout svoje radary. Zn\u00e1m\u00fd obchodn\u00ed \u0159et\u011bzec s\u00a0levn\u00fdm m\u00f3dn\u00edm oble\u010den\u00edm m\u00ed\u0159\u00ed do \u010cesk\u00e9 republiky. Ano! Primark otev\u0159e sv\u016fj prvn\u00ed obchod v\u00a0Praze, a to snad u\u017e v\u00a0l\u00e9t\u011b 2020. Zna\u010dka zam\u00ed\u0159\u00ed p\u0159\u00edmo do centra hlavn\u00edho m\u011bsta, a to do nov\u011b stav\u011bn\u00e9ho objektu na roku V\u00e1clavsk\u00e9ho n\u00e1m\u011bst\u00ed a Opletalovy ulice.\t\tPrimark je velice popul\u00e1rn\u00ed v\u00a0t\u00e9m\u011b\u0159 cel\u00e9 Evrop\u011b. I u n\u00e1s b\u00fdv\u00e1 \u010dasto c\u00edlem n\u00e1kupn\u00edch v\u00fdlet\u016f do okoln\u00edch zem\u00ed. V\u00a0sou\u010dasn\u00e9 dob\u011b zna\u010dka provozuje 370 obchod\u016f v\u00a011 zem\u00edch, mezi kter\u00fdmi najdeme t\u0159eba Velkou Brit\u00e1nii, N\u011bmecko, \u0160pan\u011blsko nebo Francii. Nejv\u011bt\u0161\u00ed obchod Primark m\u016f\u017eete nav\u0161t\u00edvit v\u00a0Manchesteru, kde prodejna zauj\u00edm\u00e1 neuv\u011b\u0159iteln\u00fdch 14400 metr\u016f \u010dtvere\u010dn\u00edch a m\u00e1 celkem t\u0159i patra.\t\tM\u00f3da z\u00a0Primarku je typicky jednoduch\u00e1, ale nijak nezaost\u00e1v\u00e1 za sou\u010dasn\u00fdmi trendy. Zna\u010dka vol\u00ed jednodu\u0161\u0161\u00ed z\u00e1kladn\u00ed materi\u00e1ly a s\u00e1z\u00ed na r\u016fznorodost cel\u00e9 nab\u00eddky. Vedle m\u00f3dy pro \u017eeny tu se\u017eenete i oble\u010den\u00ed pro mu\u017ee a d\u011bti a tak\u00e9 dopl\u0148ky do dom\u00e1cnosti nebo z\u00e1kladn\u00ed kuchy\u0148sk\u00e9 vybaven\u00ed. Ve\u0161ker\u00e9 zbo\u017e\u00ed je vyrobeno v\u00a0Asii, zejm\u00e9na v\u00a0\u010c\u00edn\u011b nebo Banglad\u00e9\u0161i, co\u017e zna\u010dce v\u00fdrazn\u011b sni\u017euje n\u00e1klady, zejm\u00e9na na pracovn\u00ed s\u00edlu. A\u010dkoliv sou\u010dasn\u00fd trend podpory lok\u00e1ln\u011b vyr\u00e1b\u011bn\u00fdch produkt\u016f je celoevropsky velmi siln\u00fd, nep\u0159in\u00e1\u0161\u00ed toto Primarku \u017e\u00e1dn\u00e9 v\u011bt\u0161\u00ed ztr\u00e1ty. Atraktivita produktu a jeho n\u00edzk\u00e1 cena je z\u0159ejm\u011b v\u00a0tomto odv\u011btv\u00ed pro spot\u0159ebitele st\u00e1le rozhoduj\u00edc\u00edm faktorem.\t\u00a0\tPrimark v\u00a0sou\u010dasnosti s\u00e1z\u00ed na p\u0159\u00edm\u00fd prodej v\u00a0kamenn\u00fdch pobo\u010dk\u00e1ch. Ani jemu se ale nevyhnul fenom\u00e9n online nakupov\u00e1n\u00ed. Zna\u010dka tak ozn\u00e1mila spu\u0161t\u011bn\u00ed e-shopu zhruba do dvou let. Z\u00e1rove\u0148 ale nepl\u00e1nuj\u00ed zas\u00edl\u00e1n\u00ed zbo\u017e\u00ed na adresu z\u00e1kazn\u00edka. Objedn\u00e1vka bude slou\u017eit jako n\u00e1kupn\u00ed l\u00edstek pro vyzvednut\u00ed zbo\u017e\u00ed na prodejn\u011b. Firma tak m\u00edsto odlivu z\u00e1kazn\u00edk\u016f k\u00a0jejich po\u010d\u00edta\u010d\u016fm sp\u00ed\u0161 p\u0159il\u00e1k\u00e1 nov\u00e9 a prod\u00e1 jim je\u0161t\u011b v\u00edce zbo\u017e\u00ed p\u0159\u00edmo na prodejn\u011b.\t\u00a0\tVzhledem k\u00a0tomu, \u017ee p\u0159esn\u00e9 datum otev\u0159en\u00ed pra\u017esk\u00e9 pobo\u010dky spole\u010dnost neozn\u00e1mila, nezb\u00fdv\u00e1 ne\u017e vy\u010dkat kdy, s\u00a0jak\u00fdmi cenami a jak\u00fdm zbo\u017e\u00edm Primark na \u010desk\u00fd trh vstoup\u00ed.                                                                                                                                                                                                                                                                                                                                                                                        3.5\/5 - (2 votes)        "},{"@context":"https:\/\/schema.org\/","@type":"BreadcrumbList","itemListElement":[{"@type":"ListItem","position":1,"name":"Primark se chyst\u00e1 do \u010ceska","item":"https:\/\/www.zuul.cz\/primark-se-chysta-do-ceska\/#breadcrumbitem"}]}]