{"@context":"https:\/\/schema.org\/","@type":"CollectionPage","@id":"https:\/\/www.zuul.cz\/online\/#CollectionPage","headline":"Online Category","description":"","url":"https:\/\/www.zuul.cz\/online\/","hasPart":[{"@type":"Article","@id":"https:\/\/www.zuul.cz\/stehovani-nebyva-poteseni\/","headline":"St\u011bhov\u00e1n\u00ed neb\u00fdv\u00e1 pot\u011b\u0161en\u00ed","url":"https:\/\/www.zuul.cz\/stehovani-nebyva-poteseni\/","datePublished":"2023-04-15","dateModified":"2023-04-15","mainEntityOfPage":"https:\/\/www.zuul.cz\/stehovani-nebyva-poteseni\/","author":{"@type":"Person","@id":"https:\/\/www.zuul.cz\/author\/devene\/#Person","name":"devene","url":"https:\/\/www.zuul.cz\/author\/devene\/","identifier":1,"image":{"@type":"ImageObject","@id":"https:\/\/secure.gravatar.com\/avatar\/dcb1aeb5e7d95014cdc92e76cf3c72f6b456579bf773ad0081803a6569ffc19c?s=96&d=mm&r=g","url":"https:\/\/secure.gravatar.com\/avatar\/dcb1aeb5e7d95014cdc92e76cf3c72f6b456579bf773ad0081803a6569ffc19c?s=96&d=mm&r=g","height":96,"width":96}},"publisher":{"@type":"Organization","name":"zuul.cz","logo":{"@type":"ImageObject","@id":"\/logo.png","url":"\/logo.png","width":600,"height":60}},"image":{"@type":"ImageObject","@id":"https:\/\/www.zuul.cz\/wp-content\/uploads\/sssssssssssss_1.jpg","url":"https:\/\/www.zuul.cz\/wp-content\/uploads\/sssssssssssss_1.jpg","height":0,"width":0},"keywords":null},{"@type":"Article","@id":"https:\/\/www.zuul.cz\/vybavte-se-na-dovolenou-v-obchode-about-you\/","headline":"Vybavte se na dovolenou v obchod\u011b About You","url":"https:\/\/www.zuul.cz\/vybavte-se-na-dovolenou-v-obchode-about-you\/","datePublished":"2023-03-03","dateModified":"2023-03-03","mainEntityOfPage":"https:\/\/www.zuul.cz\/vybavte-se-na-dovolenou-v-obchode-about-you\/","author":{"@type":"Person","@id":"https:\/\/www.zuul.cz\/author\/devene\/#Person","name":"devene","url":"https:\/\/www.zuul.cz\/author\/devene\/","identifier":1,"image":{"@type":"ImageObject","@id":"https:\/\/secure.gravatar.com\/avatar\/dcb1aeb5e7d95014cdc92e76cf3c72f6b456579bf773ad0081803a6569ffc19c?s=96&d=mm&r=g","url":"https:\/\/secure.gravatar.com\/avatar\/dcb1aeb5e7d95014cdc92e76cf3c72f6b456579bf773ad0081803a6569ffc19c?s=96&d=mm&r=g","height":96,"width":96}},"publisher":{"@type":"Organization","name":"zuul.cz","logo":{"@type":"ImageObject","@id":"\/logo.png","url":"\/logo.png","width":600,"height":60}},"image":{"@type":"ImageObject","@id":"https:\/\/www.zuul.cz\/wp-content\/uploads\/women-gac34acb79_640.jpg","url":"https:\/\/www.zuul.cz\/wp-content\/uploads\/women-gac34acb79_640.jpg","height":0,"width":0},"keywords":null},{"@type":"Article","@id":"https:\/\/www.zuul.cz\/inspirujte-se-na-socialnich-sitich-moznostmi-prikryvek\/","headline":"Inspirujte se na soci\u00e1ln\u00edch s\u00edt\u00edch mo\u017enostmi p\u0159ikr\u00fdvek","url":"https:\/\/www.zuul.cz\/inspirujte-se-na-socialnich-sitich-moznostmi-prikryvek\/","datePublished":"2022-11-20","dateModified":"2022-11-20","mainEntityOfPage":"https:\/\/www.zuul.cz\/inspirujte-se-na-socialnich-sitich-moznostmi-prikryvek\/","author":{"@type":"Person","@id":"https:\/\/www.zuul.cz\/author\/devene\/#Person","name":"devene","url":"https:\/\/www.zuul.cz\/author\/devene\/","identifier":1,"image":{"@type":"ImageObject","@id":"https:\/\/secure.gravatar.com\/avatar\/dcb1aeb5e7d95014cdc92e76cf3c72f6b456579bf773ad0081803a6569ffc19c?s=96&d=mm&r=g","url":"https:\/\/secure.gravatar.com\/avatar\/dcb1aeb5e7d95014cdc92e76cf3c72f6b456579bf773ad0081803a6569ffc19c?s=96&d=mm&r=g","height":96,"width":96}},"publisher":{"@type":"Organization","name":"zuul.cz","logo":{"@type":"ImageObject","@id":"\/logo.png","url":"\/logo.png","width":600,"height":60}},"image":{"@type":"ImageObject","@id":"https:\/\/www.zuul.cz\/wp-content\/uploads\/mobile-phone-gd6462dca9_640.jpg","url":"https:\/\/www.zuul.cz\/wp-content\/uploads\/mobile-phone-gd6462dca9_640.jpg","height":0,"width":0},"keywords":null},{"@type":"Article","@id":"https:\/\/www.zuul.cz\/vedte-deti-ve-vztahu-k-prirode-a-treba-v-jesenikach\/","headline":"Ve\u010fte d\u011bti ve vztahu k p\u0159\u00edrod\u011b, a t\u0159eba v Jesen\u00edk\u00e1ch","url":"https:\/\/www.zuul.cz\/vedte-deti-ve-vztahu-k-prirode-a-treba-v-jesenikach\/","datePublished":"2022-09-10","dateModified":"2022-09-10","mainEntityOfPage":"https:\/\/www.zuul.cz\/vedte-deti-ve-vztahu-k-prirode-a-treba-v-jesenikach\/","author":{"@type":"Person","@id":"https:\/\/www.zuul.cz\/author\/devene\/#Person","name":"devene","url":"https:\/\/www.zuul.cz\/author\/devene\/","identifier":1,"image":{"@type":"ImageObject","@id":"https:\/\/secure.gravatar.com\/avatar\/dcb1aeb5e7d95014cdc92e76cf3c72f6b456579bf773ad0081803a6569ffc19c?s=96&d=mm&r=g","url":"https:\/\/secure.gravatar.com\/avatar\/dcb1aeb5e7d95014cdc92e76cf3c72f6b456579bf773ad0081803a6569ffc19c?s=96&d=mm&r=g","height":96,"width":96}},"publisher":{"@type":"Organization","name":"zuul.cz","logo":{"@type":"ImageObject","@id":"\/logo.png","url":"\/logo.png","width":600,"height":60}},"image":{"@type":"ImageObject","@id":"https:\/\/www.zuul.cz\/wp-content\/uploads\/jesenik-g58f0422c5_640.jpg","url":"https:\/\/www.zuul.cz\/wp-content\/uploads\/jesenik-g58f0422c5_640.jpg","height":0,"width":0},"keywords":null},{"@type":"Article","@id":"https:\/\/www.zuul.cz\/ozvlastnete-svuj-partnersky-zivot\/","headline":"Ozvl\u00e1\u0161tn\u011bte sv\u016fj partnersk\u00fd \u017eivot","url":"https:\/\/www.zuul.cz\/ozvlastnete-svuj-partnersky-zivot\/","datePublished":"2020-06-20","dateModified":"2020-06-20","mainEntityOfPage":"https:\/\/www.zuul.cz\/ozvlastnete-svuj-partnersky-zivot\/","author":{"@type":"Person","@id":"https:\/\/www.zuul.cz\/author\/devene\/#Person","name":"devene","url":"https:\/\/www.zuul.cz\/author\/devene\/","identifier":1,"image":{"@type":"ImageObject","@id":"https:\/\/secure.gravatar.com\/avatar\/dcb1aeb5e7d95014cdc92e76cf3c72f6b456579bf773ad0081803a6569ffc19c?s=96&d=mm&r=g","url":"https:\/\/secure.gravatar.com\/avatar\/dcb1aeb5e7d95014cdc92e76cf3c72f6b456579bf773ad0081803a6569ffc19c?s=96&d=mm&r=g","height":96,"width":96}},"publisher":{"@type":"Organization","name":"zuul.cz","logo":{"@type":"ImageObject","@id":"\/logo.png","url":"\/logo.png","width":600,"height":60}},"image":{"@type":"ImageObject","@id":"https:\/\/www.zuul.cz\/wp-content\/uploads\/mas%C3%A1%C5%BEn%C3%AD%20l%C3%A1vov%C3%A9%20kameny_1.jpg","url":"https:\/\/www.zuul.cz\/wp-content\/uploads\/mas%C3%A1%C5%BEn%C3%AD%20l%C3%A1vov%C3%A9%20kameny_1.jpg","height":0,"width":0},"keywords":null},{"@type":"Article","@id":"https:\/\/www.zuul.cz\/s-kvalitnimi-zpetnymi-odkazy-k-vetsi-navstevnosti\/","headline":"S kvalitn\u00edmi zp\u011btn\u00fdmi odkazy k v\u011bt\u0161\u00ed n\u00e1v\u0161t\u011bvnosti","url":"https:\/\/www.zuul.cz\/s-kvalitnimi-zpetnymi-odkazy-k-vetsi-navstevnosti\/","datePublished":"2017-06-26","dateModified":"2017-06-26","mainEntityOfPage":"https:\/\/www.zuul.cz\/s-kvalitnimi-zpetnymi-odkazy-k-vetsi-navstevnosti\/","author":{"@type":"Person","@id":"https:\/\/www.zuul.cz\/author\/devene\/#Person","name":"devene","url":"https:\/\/www.zuul.cz\/author\/devene\/","identifier":1,"image":{"@type":"ImageObject","@id":"https:\/\/secure.gravatar.com\/avatar\/dcb1aeb5e7d95014cdc92e76cf3c72f6b456579bf773ad0081803a6569ffc19c?s=96&d=mm&r=g","url":"https:\/\/secure.gravatar.com\/avatar\/dcb1aeb5e7d95014cdc92e76cf3c72f6b456579bf773ad0081803a6569ffc19c?s=96&d=mm&r=g","height":96,"width":96}},"publisher":{"@type":"Organization","name":"zuul.cz","logo":{"@type":"ImageObject","@id":"\/logo.png","url":"\/logo.png","width":600,"height":60}},"image":{"@type":"ImageObject","@id":"https:\/\/www.zuul.cz\/wp-content\/uploads\/img_a295052_w2017_t1506687245.jpg","url":"https:\/\/www.zuul.cz\/wp-content\/uploads\/img_a295052_w2017_t1506687245.jpg","height":0,"width":0},"keywords":null}]}