{"@context":"https:\/\/schema.org\/","@type":"CollectionPage","@id":"https:\/\/www.zuul.cz\/moda\/#CollectionPage","headline":"M\u00f3da Category","description":"","url":"https:\/\/www.zuul.cz\/moda\/","hasPart":[{"@type":"Article","@id":"https:\/\/www.zuul.cz\/mlade-holky-se-oblekaji-po-svem\/","headline":"Mlad\u00e9 holky se obl\u00e9kaj\u00ed po sv\u00e9m","url":"https:\/\/www.zuul.cz\/mlade-holky-se-oblekaji-po-svem\/","datePublished":"2024-05-30","dateModified":"2024-05-30","mainEntityOfPage":"https:\/\/www.zuul.cz\/mlade-holky-se-oblekaji-po-svem\/","author":{"@type":"Person","@id":"https:\/\/www.zuul.cz\/author\/devene\/#Person","name":"devene","url":"https:\/\/www.zuul.cz\/author\/devene\/","identifier":1,"image":{"@type":"ImageObject","@id":"https:\/\/secure.gravatar.com\/avatar\/dcb1aeb5e7d95014cdc92e76cf3c72f6b456579bf773ad0081803a6569ffc19c?s=96&d=mm&r=g","url":"https:\/\/secure.gravatar.com\/avatar\/dcb1aeb5e7d95014cdc92e76cf3c72f6b456579bf773ad0081803a6569ffc19c?s=96&d=mm&r=g","height":96,"width":96}},"publisher":{"@type":"Organization","name":"zuul.cz","logo":{"@type":"ImageObject","@id":"\/logo.png","url":"\/logo.png","width":600,"height":60}},"image":{"@type":"ImageObject","@id":"https:\/\/www.zuul.cz\/wp-content\/uploads\/klobouk.jpg","url":"https:\/\/www.zuul.cz\/wp-content\/uploads\/klobouk.jpg","height":0,"width":0},"keywords":null},{"@type":"Article","@id":"https:\/\/www.zuul.cz\/soucasna-moda\/","headline":"Sou\u010dasn\u00e1 m\u00f3da","url":"https:\/\/www.zuul.cz\/soucasna-moda\/","datePublished":"2023-11-06","dateModified":"2023-11-06","mainEntityOfPage":"https:\/\/www.zuul.cz\/soucasna-moda\/","author":{"@type":"Person","@id":"https:\/\/www.zuul.cz\/author\/devene\/#Person","name":"devene","url":"https:\/\/www.zuul.cz\/author\/devene\/","identifier":1,"image":{"@type":"ImageObject","@id":"https:\/\/secure.gravatar.com\/avatar\/dcb1aeb5e7d95014cdc92e76cf3c72f6b456579bf773ad0081803a6569ffc19c?s=96&d=mm&r=g","url":"https:\/\/secure.gravatar.com\/avatar\/dcb1aeb5e7d95014cdc92e76cf3c72f6b456579bf773ad0081803a6569ffc19c?s=96&d=mm&r=g","height":96,"width":96}},"publisher":{"@type":"Organization","name":"zuul.cz","logo":{"@type":"ImageObject","@id":"\/logo.png","url":"\/logo.png","width":600,"height":60}},"image":{"@type":"ImageObject","@id":"https:\/\/www.zuul.cz\/wp-content\/uploads\/store-3867742_640_2.jpg","url":"https:\/\/www.zuul.cz\/wp-content\/uploads\/store-3867742_640_2.jpg","height":0,"width":0},"keywords":null},{"@type":"Article","@id":"https:\/\/www.zuul.cz\/moje-babicky\/","headline":"Moje babi\u010dky","url":"https:\/\/www.zuul.cz\/moje-babicky\/","datePublished":"2023-05-28","dateModified":"2023-05-28","mainEntityOfPage":"https:\/\/www.zuul.cz\/moje-babicky\/","author":{"@type":"Person","@id":"https:\/\/www.zuul.cz\/author\/devene\/#Person","name":"devene","url":"https:\/\/www.zuul.cz\/author\/devene\/","identifier":1,"image":{"@type":"ImageObject","@id":"https:\/\/secure.gravatar.com\/avatar\/dcb1aeb5e7d95014cdc92e76cf3c72f6b456579bf773ad0081803a6569ffc19c?s=96&d=mm&r=g","url":"https:\/\/secure.gravatar.com\/avatar\/dcb1aeb5e7d95014cdc92e76cf3c72f6b456579bf773ad0081803a6569ffc19c?s=96&d=mm&r=g","height":96,"width":96}},"publisher":{"@type":"Organization","name":"zuul.cz","logo":{"@type":"ImageObject","@id":"\/logo.png","url":"\/logo.png","width":600,"height":60}},"image":{"@type":"ImageObject","@id":"https:\/\/www.zuul.cz\/wp-content\/uploads\/woman-3083453_960_720.jpg","url":"https:\/\/www.zuul.cz\/wp-content\/uploads\/woman-3083453_960_720.jpg","height":0,"width":0},"keywords":null},{"@type":"Article","@id":"https:\/\/www.zuul.cz\/soucasna-moda-vlastni-styl-a-respekt-okoli\/","headline":"Sou\u010dasn\u00e1 m\u00f3da, vlastn\u00ed styl a respekt okol\u00ed","url":"https:\/\/www.zuul.cz\/soucasna-moda-vlastni-styl-a-respekt-okoli\/","datePublished":"2022-04-12","dateModified":"2022-04-12","mainEntityOfPage":"https:\/\/www.zuul.cz\/soucasna-moda-vlastni-styl-a-respekt-okoli\/","author":{"@type":"Person","@id":"https:\/\/www.zuul.cz\/author\/devene\/#Person","name":"devene","url":"https:\/\/www.zuul.cz\/author\/devene\/","identifier":1,"image":{"@type":"ImageObject","@id":"https:\/\/secure.gravatar.com\/avatar\/dcb1aeb5e7d95014cdc92e76cf3c72f6b456579bf773ad0081803a6569ffc19c?s=96&d=mm&r=g","url":"https:\/\/secure.gravatar.com\/avatar\/dcb1aeb5e7d95014cdc92e76cf3c72f6b456579bf773ad0081803a6569ffc19c?s=96&d=mm&r=g","height":96,"width":96}},"publisher":{"@type":"Organization","name":"zuul.cz","logo":{"@type":"ImageObject","@id":"\/logo.png","url":"\/logo.png","width":600,"height":60}},"image":{"@type":"ImageObject","@id":"https:\/\/www.zuul.cz\/wp-content\/uploads\/woman-g7a1e89ff5_640.jpg","url":"https:\/\/www.zuul.cz\/wp-content\/uploads\/woman-g7a1e89ff5_640.jpg","height":0,"width":0},"keywords":null},{"@type":"Article","@id":"https:\/\/www.zuul.cz\/moda-v-obchodech\/","headline":"M\u00f3da v obchodech","url":"https:\/\/www.zuul.cz\/moda-v-obchodech\/","datePublished":"2021-09-22","dateModified":"2021-09-22","mainEntityOfPage":"https:\/\/www.zuul.cz\/moda-v-obchodech\/","author":{"@type":"Person","@id":"https:\/\/www.zuul.cz\/author\/devene\/#Person","name":"devene","url":"https:\/\/www.zuul.cz\/author\/devene\/","identifier":1,"image":{"@type":"ImageObject","@id":"https:\/\/secure.gravatar.com\/avatar\/dcb1aeb5e7d95014cdc92e76cf3c72f6b456579bf773ad0081803a6569ffc19c?s=96&d=mm&r=g","url":"https:\/\/secure.gravatar.com\/avatar\/dcb1aeb5e7d95014cdc92e76cf3c72f6b456579bf773ad0081803a6569ffc19c?s=96&d=mm&r=g","height":96,"width":96}},"publisher":{"@type":"Organization","name":"zuul.cz","logo":{"@type":"ImageObject","@id":"\/logo.png","url":"\/logo.png","width":600,"height":60}},"image":{"@type":"ImageObject","@id":"https:\/\/www.zuul.cz\/wp-content\/uploads\/oble%C4%8Den%C3%AD.JPG","url":"https:\/\/www.zuul.cz\/wp-content\/uploads\/oble%C4%8Den%C3%AD.JPG","height":0,"width":0},"keywords":null}]}