[{"@context":"https:\/\/schema.org\/","@type":"Article","@id":"https:\/\/www.zuul.cz\/moda-v-obdobi-normalizace\/#Article","mainEntityOfPage":"https:\/\/www.zuul.cz\/moda-v-obdobi-normalizace\/","headline":"M\u00f3da v obdob\u00ed normalizace","name":"M\u00f3da v obdob\u00ed normalizace","description":"V dob\u00e1ch normalizace bylo v\u0161eho nedostatek. Hezk\u00e9 oble\u010den\u00ed nevyj\u00edmaje. Co by za to na\u0161e m\u00e1my a babi\u010dky daly, kdyby m\u011blybutiky, internetov\u00e9 obchody s atraktivn\u00ed cenov\u011b dostupnou m\u00f3dou a t\u0159eba tak\u00e9 second handy, ve kter\u00fdch se daj\u00ed po\u0159\u00eddit neuv\u011b\u0159iteln\u011b hodnotn\u00e9 kousky, kter\u00e9 se mohou st\u00e1t chloubou ka\u017ed\u00e9ho \u017eensk\u00e9ho \u0161atn\u00edku a to za pouh\u00fdch p\u00e1r korun. Dokonce [&hellip;]","datePublished":"2016-12-14","dateModified":"2016-12-14","author":{"@type":"Person","@id":"https:\/\/www.zuul.cz\/author\/devene\/#Person","name":"devene","url":"https:\/\/www.zuul.cz\/author\/devene\/","identifier":1,"image":{"@type":"ImageObject","@id":"https:\/\/secure.gravatar.com\/avatar\/dcb1aeb5e7d95014cdc92e76cf3c72f6b456579bf773ad0081803a6569ffc19c?s=96&d=mm&r=g","url":"https:\/\/secure.gravatar.com\/avatar\/dcb1aeb5e7d95014cdc92e76cf3c72f6b456579bf773ad0081803a6569ffc19c?s=96&d=mm&r=g","height":96,"width":96}},"publisher":{"@type":"Organization","name":"zuul.cz","logo":{"@type":"ImageObject","@id":"\/logo.png","url":"\/logo.png","width":600,"height":60}},"url":"https:\/\/www.zuul.cz\/moda-v-obdobi-normalizace\/","wordCount":413,"articleBody":"V dob\u00e1ch normalizace bylo v\u0161eho nedostatek. Hezk\u00e9 oble\u010den\u00ed nevyj\u00edmaje. Co by za to na\u0161e m\u00e1my a babi\u010dky daly, kdyby m\u011blybutiky, internetov\u00e9 obchody s atraktivn\u00ed cenov\u011b dostupnou m\u00f3dou a t\u0159eba tak\u00e9 second handy, ve kter\u00fdch se daj\u00ed po\u0159\u00eddit neuv\u011b\u0159iteln\u011b hodnotn\u00e9 kousky, kter\u00e9 se mohou st\u00e1t chloubou ka\u017ed\u00e9ho \u017eensk\u00e9ho \u0161atn\u00edku a to za pouh\u00fdch p\u00e1r korun.Dokonce i v prodejn\u00e1ch textiln\u00ed galanterie byl probl\u00e9m sehnat hezkou l\u00e1tku \u010di vlnu. Nicm\u00e9n\u011b kdy\u017e si prohl\u00eddnete star\u00e9 fotografie, m\u00e1te pocit, \u017ee na\u0161e maminky a babi\u010dky chodily obl\u00e9k\u00e1ny p\u0159\u00ed\u0161ern\u011b? Nikoli. Naopak n\u011bkdy chodily obl\u00e9k\u00e1ny jako ze \u017eurn\u00e1lu a to doslova. V\u017edy\u0165 v\u011bt\u0161ina \u017een nosila oble\u010den\u00ed \u0161it\u00e9 podle proslul\u00e9 Burdy.Kdy\u017e nebylo co kupovat, nezb\u00fdvalo \u010desk\u00fdm \u017een\u00e1m nic jin\u00e9ho, ne\u017e aby se posadily k \u0161ic\u00edm stroj\u016fm a nau\u010dily se \u0161\u00edt. \u0160ilo se \u00fapln\u011b v\u0161e. Kab\u00e1ty a bundy nevyj\u00edmaje. A v\u011bt\u0161inu st\u0159ih\u016f \u017eeny vyu\u017e\u00edvaly pr\u00e1v\u011b ze z\u00e1padon\u011bmeck\u00e9 Burdy.Co se t\u00fd\u010de nap\u0159\u00edklad pleten\u00fdch v\u011bc\u00ed, v tomto p\u0159\u00edpad\u011b \u017eeny nach\u00e1zely inspiraci nap\u0159\u00edklad v \u010dasopisech Praktick\u00e1 \u017eena.\u0160\u00edt, pl\u00e9st, h\u00e1\u010dkovat, drhat, vy\u0161\u00edvat, to v\u0161e pat\u0159ilo k v\u00fdbav\u011b ka\u017ed\u00e9 modern\u00ed \u017eeny. Dnes nen\u00ed nutn\u00e9, aby se \u017eena um\u011bla oh\u00e1n\u011bt jehlicemi. K dispozici m\u00e1me takov\u00e9 mno\u017estv\u00ed mo\u017enost\u00ed, kde si po\u0159\u00eddit atraktivn\u00ed oble\u010den\u00ed i dopl\u0148ky, \u017ee nen\u00ed nutn\u00e9 se v\u011bnovat ru\u010dn\u00edm prac\u00edm.\u00a0\tDodnes st\u00e1le \u0161ikovn\u00e9Nicm\u00e9n\u011b mnoh\u00e9 \u017eeny p\u0159esto maj\u00ed k ru\u010dn\u00edm prac\u00edm kladn\u00fd vliv, co\u017e je jist\u011b chv\u00e1lyhodn\u00e9. Pro\u010d?Je to touha po origin\u00e1ln\u00edm oble\u010den\u00ed, kter\u00e9 jen tak n\u011bkdo nem\u00e1.Je to odv\u011bk\u00e1 p\u0159irozen\u00e1 \u017eensk\u00e1 kreativita. Je toti\u017e zn\u00e1mo, \u017ee \u017eena nedok\u00e1\u017ee pasivn\u011b odpo\u010d\u00edvat a z toho d\u016fvodu se mus\u00ed neust\u00e1le v\u011bnovat n\u011bjak\u00e9 \u010dinnosti. Sed\u011bt ne\u010dinn\u011b u televize je zkr\u00e1tka nemysliteln\u00e9.Nen\u00ed to jen oble\u010den\u00ed, ale cel\u00e1 \u0159ada bytov\u00fdch dopl\u0148k\u016f, kter\u00e9 si \u017eeny tvo\u0159\u00ed do dom\u00e1cnosti. V\u00a0mnoha ohledech \u017een\u00e1m pom\u00e1h\u00e1 nap\u0159\u00edklad i internet, proto\u017ee v r\u016fzn\u00fdch f\u00f3rech si \u017eeny p\u0159ed\u00e1vaj\u00ed sv\u00e9 zku\u0161enosti.                                                                                                                                                                                                                                                                                                                                                                                        4.4\/5 - (9 votes)        "},{"@context":"https:\/\/schema.org\/","@type":"BreadcrumbList","itemListElement":[{"@type":"ListItem","position":1,"name":"M\u00f3da v obdob\u00ed normalizace","item":"https:\/\/www.zuul.cz\/moda-v-obdobi-normalizace\/#breadcrumbitem"}]}]