[{"@context":"https:\/\/schema.org\/","@type":"Article","@id":"https:\/\/www.zuul.cz\/moda-v-obchodech\/#Article","mainEntityOfPage":"https:\/\/www.zuul.cz\/moda-v-obchodech\/","headline":"M\u00f3da v obchodech","name":"M\u00f3da v obchodech","description":"Pokud by se cht\u011bl \u010dlov\u011bk dr\u017eet nejmodern\u011bj\u0161\u00edch trend\u016f, dopadlo by to brzy tak, \u017ee by dan\u00fd \u010dlov\u011bk chodil pomalu nah\u00fd. Bohu\u017eel dne\u0161n\u00ed m\u00f3da je \u0161\u00edlen\u00e1 a m\u016f\u017ee se st\u00e1t, \u017ee brzy bude v\u00a0m\u00f3d\u011b to, \u017ee \u010dlov\u011bk bude m\u00edt jen kousek l\u00e1tky, kter\u00e1 bude zakr\u00fdvat pohlavn\u00ed org\u00e1ny a prsa a t\u00edm to bohu\u017eel skon\u010d\u00ed. M\u00f3dn\u00ed n\u00e1vrh\u00e1\u0159i [&hellip;]","datePublished":"2021-09-22","dateModified":"2021-09-22","author":{"@type":"Person","@id":"https:\/\/www.zuul.cz\/author\/devene\/#Person","name":"devene","url":"https:\/\/www.zuul.cz\/author\/devene\/","identifier":1,"image":{"@type":"ImageObject","@id":"https:\/\/secure.gravatar.com\/avatar\/dcb1aeb5e7d95014cdc92e76cf3c72f6b456579bf773ad0081803a6569ffc19c?s=96&d=mm&r=g","url":"https:\/\/secure.gravatar.com\/avatar\/dcb1aeb5e7d95014cdc92e76cf3c72f6b456579bf773ad0081803a6569ffc19c?s=96&d=mm&r=g","height":96,"width":96}},"publisher":{"@type":"Organization","name":"zuul.cz","logo":{"@type":"ImageObject","@id":"\/logo.png","url":"\/logo.png","width":600,"height":60}},"image":{"@type":"ImageObject","@id":"https:\/\/www.zuul.cz\/wp-content\/uploads\/oble%C4%8Den%C3%AD.JPG","url":"https:\/\/www.zuul.cz\/wp-content\/uploads\/oble%C4%8Den%C3%AD.JPG","height":0,"width":0},"url":"https:\/\/www.zuul.cz\/moda-v-obchodech\/","about":["M\u00f3da"],"wordCount":453,"articleBody":"Pokud by se cht\u011bl \u010dlov\u011bk dr\u017eet nejmodern\u011bj\u0161\u00edch trend\u016f, dopadlo by to brzy tak, \u017ee by dan\u00fd \u010dlov\u011bk chodil pomalu nah\u00fd. Bohu\u017eel dne\u0161n\u00ed m\u00f3da je \u0161\u00edlen\u00e1 a m\u016f\u017ee se st\u00e1t, \u017ee brzy bude v\u00a0m\u00f3d\u011b to, \u017ee \u010dlov\u011bk bude m\u00edt jen kousek l\u00e1tky, kter\u00e1 bude zakr\u00fdvat pohlavn\u00ed org\u00e1ny a prsa a t\u00edm to bohu\u017eel skon\u010d\u00ed.M\u00f3dn\u00ed n\u00e1vrh\u00e1\u0159i vym\u00fd\u0161lej\u00ed n\u011bkter\u00e9 kousky tak, \u017ee opravdu nejsou vhodn\u00e9 a to pro nikoho. \u010clov\u011bk by si mohl myslet, \u017ee jim jde o minimalismus. Mo\u017en\u00e1 byste se mohli divit, ale i takov\u00fd kousek l\u00e1tky by v\u00e1s ve v\u00fdsledku mohl vyj\u00edt na velk\u00e9 pen\u00edze a to i p\u0159esto, \u017ee na sob\u011b nebudete m\u00edt t\u00e9m\u011b\u0159 nic.Je mnohem lep\u0161\u00ed, pokud se \u010dlov\u011bk nedr\u017e\u00ed toho, co je zrovna modern\u00ed, ale toho, co mu slu\u0161\u00ed a co mu vyhovuje. L\u00e1tka p\u0159es prsa nebo pohlavn\u00ed org\u00e1ny jist\u011b nebude vhodn\u00e9 oble\u010den\u00ed a to jak do \u0161koly, tak do pr\u00e1ce. Ide\u00e1ln\u00ed nen\u00ed n\u011bco takov\u00e9ho ani v\u00a0p\u0159\u00edpad\u011b, \u017ee m\u00e1te v\u00a0pl\u00e1nu se ve\u010der vydat s\u00a0kamar\u00e1dy si n\u011bkam sednout, pokud nechcete, aby v\u00e1s n\u011bkdo neust\u00e1le obt\u011b\u017eovat sv\u00fdmi nar\u00e1\u017ekami, kter\u00e9 jist\u011b budou m\u00edt sexu\u00e1ln\u00ed podtext.Bohu\u017eel se n\u011b\u010d\u00edm takov\u00fdm inspiruj\u00ed i mlad\u0161\u00ed generace a ji\u017e dnes m\u016f\u017eeme vid\u011bt mlad\u00e9 sle\u010dny, kter\u00e9 chod\u00ed do \u0161koly v\u00a0kra\u0165as\u00edch, ze kter\u00fdch jim jde vid\u011bt zadek a v\u00a0crop topu, kter\u00fd schov\u00e1 maxim\u00e1ln\u011b \u010d\u00e1st vrchu t\u011bla.\u00a0Nad m\u00f3dou by se m\u011bli zamyslet opravdu v\u0161ichni. V\u00a0p\u0159\u00edpad\u011b d\u00edvek ve v\u011bku 15 let by bylo vhodn\u00e9, pokud by rodi\u010de nechali danou d\u00edvku, a\u0165 si vybere, v\u00a0\u010dem chce j\u00edt, ale v\u00a0p\u0159\u00edpad\u011b, \u017ee by bylo oble\u010den\u00ed nevhodn\u00e9, by m\u011bl rodi\u010d zakro\u010dit.\u00a0Ur\u010dit\u011b jste sly\u0161eli o p\u0159\u00edpadech, kdy byla n\u011bjak\u00e1 d\u00edvka unesena. Mysl\u00edte si, \u017ee tomu pom\u016f\u017ee, kdy\u017e se budou d\u00edvky obl\u00e9kat tak, \u017ee jim p\u016fjdou vid\u011bt skoro v\u0161echny \u010d\u00e1sti jejich t\u011bla?\u00a0To, co je dnes v\u00a0m\u00f3d\u011b, opravdu nen\u00ed vhodn\u00e9 a u\u017e v\u016fbec ne pro d\u00edvky v\u00a0pubert\u00e1ln\u00edm v\u011bku. Jsou od\u011bvy, kter\u00e9 by nem\u011bly b\u00fdt na v\u00fdstavn\u00edch pultech obchod\u016f. Prodejci je ale st\u00e1hnout necht\u011bj\u00ed a to i p\u0159esto, \u017ee kv\u016fli tomu m\u016f\u017ee b\u00fdt ohro\u017een \u017eivot n\u011bkter\u00fdch lid\u00ed.                                                                                                                                                                                                                                                                                                                                                                                        4.6\/5 - (5 votes)        "},{"@context":"https:\/\/schema.org\/","@type":"BreadcrumbList","itemListElement":[{"@type":"ListItem","position":1,"name":"M\u00f3da v obchodech","item":"https:\/\/www.zuul.cz\/moda-v-obchodech\/#breadcrumbitem"}]}]