[{"@context":"https:\/\/schema.org\/","@type":"Article","@id":"https:\/\/www.zuul.cz\/mobilni-domy-celorocni\/#Article","mainEntityOfPage":"https:\/\/www.zuul.cz\/mobilni-domy-celorocni\/","headline":"Mobiln\u00ed domy celoro\u010dn\u00ed","name":"Mobiln\u00ed domy celoro\u010dn\u00ed","description":"Na\u0161e skv\u011bl\u00e9 mobiln\u00ed domy celoro\u010dn\u00ed se v\u00e1m budou opravdu moc l\u00edbit. M\u011bli byste se rozhodnout je\u0161t\u011b hned dneska a vybrat si pr\u00e1v\u011b tohle podle va\u0161ich mo\u017enost\u00ed p\u0159esn\u011b tak, jak budete cht\u00edt. Je to n\u011bco skv\u011bl\u00e9ho a naprosto luxusn\u00edho. M\u011bli byste to ud\u011blat je\u0161t\u011b hned dneska a vybrat si od n\u00e1s tyhle v\u0161echny mo\u017enosti, proto\u017ee d\u00edky [&hellip;]","datePublished":"2018-11-09","dateModified":"2018-11-09","author":{"@type":"Person","@id":"https:\/\/www.zuul.cz\/author\/devene\/#Person","name":"devene","url":"https:\/\/www.zuul.cz\/author\/devene\/","identifier":1,"image":{"@type":"ImageObject","@id":"https:\/\/secure.gravatar.com\/avatar\/dcb1aeb5e7d95014cdc92e76cf3c72f6b456579bf773ad0081803a6569ffc19c?s=96&d=mm&r=g","url":"https:\/\/secure.gravatar.com\/avatar\/dcb1aeb5e7d95014cdc92e76cf3c72f6b456579bf773ad0081803a6569ffc19c?s=96&d=mm&r=g","height":96,"width":96}},"publisher":{"@type":"Organization","name":"zuul.cz","logo":{"@type":"ImageObject","@id":"\/logo.png","url":"\/logo.png","width":600,"height":60}},"image":{"@type":"ImageObject","@id":"https:\/\/www.zuul.cz\/wp-content\/uploads\/img_a330927_w1693_t1543343096.jpg","url":"https:\/\/www.zuul.cz\/wp-content\/uploads\/img_a330927_w1693_t1543343096.jpg","height":0,"width":0},"url":"https:\/\/www.zuul.cz\/mobilni-domy-celorocni\/","about":["Zahrada a d\u016fm"],"wordCount":431,"articleBody":"         Na\u0161e skv\u011bl\u00e9 mobiln\u00ed domy celoro\u010dn\u00ed se v\u00e1m budou opravdu moc l\u00edbit. M\u011bli byste se rozhodnout je\u0161t\u011b hned dneska a vybrat si pr\u00e1v\u011b tohle podle va\u0161ich mo\u017enost\u00ed p\u0159esn\u011b tak, jak budete cht\u00edt. Je to n\u011bco skv\u011bl\u00e9ho a naprosto luxusn\u00edho. M\u011bli byste to ud\u011blat je\u0161t\u011b hned dneska a vybrat si od n\u00e1s tyhle v\u0161echny mo\u017enosti, proto\u017ee d\u00edky tomu budete bydlet hned, bez stavebn\u00edho povolen\u00ed a bez n\u011bjak\u00fdch dal\u0161\u00edch zbyte\u010dn\u00fdch komplikac\u00ed. Nav\u00edc je to velice skv\u011bl\u00e9 pro v\u0161echny, kte\u0159\u00ed se cht\u011bj\u00ed t\u0159eba i \u010dasem n\u011bkam jinam p\u0159est\u011bhovat, ale cht\u011bj\u00ed bydlet v dom\u011b a necht\u011bj\u00ed bydlet v byt\u011b a podobn\u011b.Tohle se v\u00e1m bude opravdu moc l\u00edbit, tak na nic ne\u010dekejte a ud\u011blejte tento krok je\u0161t\u011b hned dneska a vyberte si z na\u0161\u00ed nab\u00eddky tohle v\u0161echno, proto\u017ee to bude pro v\u00e1s naprosto skv\u011bl\u00e9 a opravdu luxusn\u00ed \u0159e\u0161en\u00ed to v\u00e1m garantujeme. Vyberte si tohle v\u0161echno je\u0161t\u011b hned dneska a budete bydlet, co nejrychleji tohle p\u016fjde. My v\u00e1m pom\u016f\u017eeme s v\u00fdb\u011brem a v\u0161echno ud\u011bl\u00e1me za v\u00e1s, tak\u017ee nem\u011bjte strach, \u017ee byste v tom byli sami, to se v\u00e1m s n\u00e1mi rozhodn\u011b nestane. M\u011bli byste myslet i na tuhle mo\u017enost, pokud chcete stav\u011bt d\u016fm, to je jasn\u00e9. Snadn\u00e9 bydlen\u00ed M\u011bli byste tohle v\u0161echno ud\u011blat je\u0161t\u011b hned dneska, proto\u017ee sta\u010d\u00ed si vybrat, jestli chcete celoro\u010dn\u00ed, d\u0159ev\u011bn\u00fd nebo t\u0159eba i modern\u00ed, je to jen na v\u00e1s. M\u016f\u017eete to pou\u017e\u00edt na bydlen\u00ed jako takov\u00e9 nebo t\u0159eba jako chatku na zahr\u00e1dku a tak podobn\u011b. Rozhodn\u011b je tady tahle mo\u017enost pro v\u00e1s, tak na tohle tak\u00e9 myslete, kdy\u017e si budete cht\u00edt postavit vlastn\u00ed d\u016fm. Nejen, \u017ee je to hle v\u0161echno opravdu levn\u011bj\u0161\u00ed, ale tak provozovat takov\u00fd d\u016fm, topit a podobn\u011b nebude pro v\u00e1s jist\u011b lehk\u00e9. Tyhle domy disponuj\u00ed n\u00edzkou cenou a je\u0161t\u011b ni\u017e\u0161\u00edmi n\u00e1klady, tak\u017ee o tomhle rozhodn\u011b pop\u0159em\u00fd\u0161lejte a rozhodn\u011bte se hned dneska. Budete spokojen\u00ed a nad\u0161en\u00ed ve v\u0161ech sm\u011brech, tak\u017ee se nebojte a prost\u011b se rozhodn\u011bte je\u0161t\u011b hned dneska a na nic ne\u010dekejte. Bude to skv\u011bl\u00e9 jist\u011b, to je jasn\u00e9.                                                                                                                                                                                                                                                                                                                                                                                          4.2\/5 - (6 votes)        "},{"@context":"https:\/\/schema.org\/","@type":"BreadcrumbList","itemListElement":[{"@type":"ListItem","position":1,"name":"Mobiln\u00ed domy celoro\u010dn\u00ed","item":"https:\/\/www.zuul.cz\/mobilni-domy-celorocni\/#breadcrumbitem"}]}]