[{"@context":"https:\/\/schema.org\/","@type":"Article","@id":"https:\/\/www.zuul.cz\/jen-takove-modni-povidani\/#Article","mainEntityOfPage":"https:\/\/www.zuul.cz\/jen-takove-modni-povidani\/","headline":"Jen takov\u00e9 m\u00f3dn\u00ed pov\u00edd\u00e1n\u00ed","name":"Jen takov\u00e9 m\u00f3dn\u00ed pov\u00edd\u00e1n\u00ed","description":"Kdy\u017e se \u0159ekne M\u00d3DA, tak v\u011bt\u0161ina z n\u00e1s p\u0159em\u00fd\u0161l\u00ed o tom, co se moment\u00e1ln\u011b nos\u00ed. Ale m\u00f3da a m\u00f3dn\u00ed trendy se t\u00fdkaj\u00ed nejenom od\u00edv\u00e1n\u00ed, ale i modern\u00edho bydlen\u00ed, ur\u010dit\u00e9ho stylu, nov\u00fdch technologi\u00ed. T\u011bch oblast\u00ed je \u0161irok\u00e9 spektrum. M\u00f3da v obl\u00e9k\u00e1n\u00ed se \u010dasto dotkne ka\u017ed\u00e9ho z n\u00e1s, p\u0159ev\u00e1\u017en\u011b \u017een a d\u00edvek. Pokud se n\u011bkdo obl\u00e9k\u00e1 podle [&hellip;]","datePublished":"2019-06-03","dateModified":"2019-06-03","author":{"@type":"Person","@id":"https:\/\/www.zuul.cz\/author\/devene\/#Person","name":"devene","url":"https:\/\/www.zuul.cz\/author\/devene\/","identifier":1,"image":{"@type":"ImageObject","@id":"https:\/\/secure.gravatar.com\/avatar\/dcb1aeb5e7d95014cdc92e76cf3c72f6b456579bf773ad0081803a6569ffc19c?s=96&d=mm&r=g","url":"https:\/\/secure.gravatar.com\/avatar\/dcb1aeb5e7d95014cdc92e76cf3c72f6b456579bf773ad0081803a6569ffc19c?s=96&d=mm&r=g","height":96,"width":96}},"publisher":{"@type":"Organization","name":"zuul.cz","logo":{"@type":"ImageObject","@id":"\/logo.png","url":"\/logo.png","width":600,"height":60}},"image":{"@type":"ImageObject","@id":"https:\/\/www.zuul.cz\/wp-content\/uploads\/img_a346891_w2753_t1561205778.jpg","url":"https:\/\/www.zuul.cz\/wp-content\/uploads\/img_a346891_w2753_t1561205778.jpg","height":0,"width":0},"url":"https:\/\/www.zuul.cz\/jen-takove-modni-povidani\/","wordCount":499,"articleBody":" Kdy\u017e se \u0159ekne M\u00d3DA, tak v\u011bt\u0161ina z n\u00e1s p\u0159em\u00fd\u0161l\u00ed o tom, co se moment\u00e1ln\u011b nos\u00ed. Ale m\u00f3da a m\u00f3dn\u00ed trendy se t\u00fdkaj\u00ed nejenom od\u00edv\u00e1n\u00ed, ale i modern\u00edho bydlen\u00ed, ur\u010dit\u00e9ho stylu, nov\u00fdch technologi\u00ed. T\u011bch oblast\u00ed je \u0161irok\u00e9 spektrum.  M\u00f3da v obl\u00e9k\u00e1n\u00ed se \u010dasto dotkne ka\u017ed\u00e9ho z n\u00e1s, p\u0159ev\u00e1\u017en\u011b \u017een a d\u00edvek. Pokud se n\u011bkdo obl\u00e9k\u00e1 podle posledn\u00ed m\u00f3dy a nedok\u00e1\u017ee si ani p\u0159edstavit, \u017ee by si vzal n\u011bco na sebe, co moment\u00e1ln\u011b \u201enelet\u00ed\u201c. Mo\u017en\u00e1 takov\u00e9 lidi potk\u00e1v\u00e1te i ve sv\u00e9m okol\u00ed. Ale je asi nejlep\u0161\u00ed, nedat na m\u00f3du a obl\u00e9kat se podle toho, v \u010dem se c\u00edt\u00edte nejl\u00e9pe. Proto\u017ee takov\u00e9 oble\u010den\u00ed v\u00e1m p\u016fsob\u00ed nejenom radost, ale c\u00edt\u00edte se sebev\u011bdom\u00ed a elegantn\u00ed. Ml\u00e1d\u00ed \u2013 tam je dovoleno t\u00e9m\u011b\u0159 v\u0161e. A ne\u017e najdou sv\u016fj styl, doslova propluj\u00ed r\u016fzn\u00fdm m\u00f3dn\u00edm obdob\u00edm, a\u017e nakonec sami zjist\u00ed, v \u010dem jsou p\u016fvabn\u00e9, co je pro n\u011b to prav\u00e9. Ur\u010dit\u011b jste si v\u0161imli, jak se po n\u011bkolika letech m\u00f3da v obl\u00e9k\u00e1n\u00ed vrac\u00ed. A\u0165 se to t\u00fdk\u00e1 \u017eensk\u00e9 nebo mu\u017esk\u00e9 m\u00f3dy. A tak je fajn, pokud jste se nap\u0159\u00edklad p\u0159ed lety v n\u011b\u010dem c\u00edtili p\u0159\u00edjemn\u011b, origin\u00e1ln\u011b a to oble\u010den\u00ed jste nevyhodili, nav\u00edc jste nep\u0159ibrali, m\u00e1te mo\u017enost b\u00fdt zase IN. Mnoh\u00e9 \u010desk\u00e9 zral\u00e9 \u017eeny se u\u017e dnes dok\u00e1\u017eou obl\u00e9kat tak, \u017ee i kdy\u017e maj\u00ed st\u0159edn\u00ed nebo vy\u0161\u0161\u00ed v\u011bk, jsou \u0161t\u00edhl\u00e9 nebo plno\u0161t\u00edhl\u00e9, obl\u00e9kaj\u00ed se mladistv\u011b. Sv\u016fj \u0161atn\u00edk dok\u00e1\u017eou sladit s m\u00f3dn\u00edmi dopl\u0148ky, tak\u017ee p\u016fsob\u00ed velmi elegantn\u011b.  P\u0159ev\u00e1\u017en\u00e1 v\u011bt\u0161ina z n\u00e1s m\u00e1 r\u00e1da sv\u016fj byt, d\u016fm, prost\u011b v\u0161e, co tvo\u0159\u00ed domov. Nejd\u0159\u00edve sn\u00edte o tom, jak si sv\u00e9 bydlen\u00ed za\u0159\u00edd\u00edte, tak aby n\u00e1bytek, dopl\u0148ky, obrazy, kv\u011btiny, podlahov\u00e1 krytina, koberce a osv\u011btlen\u00ed \u2013 bylo dokonale slad\u011bno. V\u011bt\u0161ina z v\u00e1s, ne\u017e odejdete do zam\u011bstn\u00e1n\u00ed, tak sledujete, aby v\u0161e ve va\u0161em byt\u011b bylo v po\u0159\u00e1dku, a\u017e pak jste spokojeni. Sledujete m\u00f3dn\u00ed trendy v bydlen\u00ed, tak\u017ee nap\u0159\u00edklad tento rok, v\u0161echny pol\u0161t\u00e1\u0159e na pohovce v ob\u00fdv\u00e1ku p\u0159evl\u00e9knete do kor\u00e1lov\u00fdch odst\u00edn\u016f. Ale kr\u00e1sn\u00fd a modern\u011b za\u0159\u00edzen\u00fd byt je dokonal\u00fd a\u017e tehdy, kdy\u017e v n\u011bm \u017eijete s t\u011bmi, kter\u00e9 milujete a l\u00e1sku si vz\u00e1jemn\u011b p\u0159ed\u00e1v\u00e1te. Kdy\u017e se vz\u00e1jemn\u011b dok\u00e1\u017eete zaj\u00edmat jeden o druh\u00e9ho. Pak ur\u010dit\u011b pro\u017e\u00edv\u00e1te skute\u010dnou radost. Ze v\u0161eho, co v\u00e1s obklopuje.                                                                                                                                                                                                                                                                                                                                                                                         5\/5 - (3 votes)        "},{"@context":"https:\/\/schema.org\/","@type":"BreadcrumbList","itemListElement":[{"@type":"ListItem","position":1,"name":"Jen takov\u00e9 m\u00f3dn\u00ed pov\u00edd\u00e1n\u00ed","item":"https:\/\/www.zuul.cz\/jen-takove-modni-povidani\/#breadcrumbitem"}]}]